{"id":1865,"date":"2022-12-07T13:00:00","date_gmt":"2022-12-07T18:00:00","guid":{"rendered":"https:\/\/sustanasolutions.com\/?p=1865"},"modified":"2024-08-05T14:14:28","modified_gmt":"2024-08-05T19:14:28","slug":"la-sepaq-la-societe-detat-quebecoise-qui-gere-les-parcs-nationaux-du-quebec-est-a-lavant-garde-dune-revolution-en-matiere-de-strategie-de-developpement-durable","status":"publish","type":"post","link":"https:\/\/sustanasolutions.com\/fr\/la-sepaq-la-societe-detat-quebecoise-qui-gere-les-parcs-nationaux-du-quebec-est-a-lavant-garde-dune-revolution-en-matiere-de-strategie-de-developpement-durable\/","title":{"rendered":"La S\u00e9paq, la soci\u00e9t\u00e9 d\u2019\u00e9tat qu\u00e9b\u00e9coise qui g\u00e8re les parcs nationaux du Qu\u00e9bec, est \u00e0 l\u2019avant-garde d\u2019une r\u00e9volution en mati\u00e8re de strat\u00e9gie de d\u00e9veloppement durable"},"content":{"rendered":"\n<div class=\"wp-block-group is-layout-constrained wp-block-group-is-layout-constrained\">\n<div class=\"wp-block-group is-layout-constrained wp-block-group-is-layout-constrained\">\n<div class=\"wp-block-group is-vertical is-layout-flex wp-container-core-group-is-layout-fe9cc265 wp-block-group-is-layout-flex\">\n<p class=\"has-small-font-size\"><em>Dans cette \u00e9dition de notre s\u00e9rie \u00ab Conversations avec les leaders environnementaux \u00bb, le pr\u00e9sident de Rolland, Philip Rundle, s\u2019entretient avec la S\u00e9paq, la soci\u00e9t\u00e9 d\u2019\u00c9tat du gouvernement du Qu\u00e9bec qui g\u00e8re les parcs nationaux, des \u00e9tablissements touristiques et la plupart des r\u00e9serves fauniques de la province de Qu\u00e9bec. Rolland est un fournisseur de longue date de la S\u00e9paq, qui utilise son papier pour ses communications depuis 20 ans.<\/em><\/p>\n\n\n\n<p class=\"has-small-font-size\"><em>Hugues Sansregret, responsable du d\u00e9veloppement durable \u00e0 la S\u00e9paq, parle de l\u2019harmonisation avec les objectifs de d\u00e9veloppement durable des Nations unies et du pouvoir du papier durable recycl\u00e9 pour sensibiliser les visiteurs.<\/em><\/p>\n<\/div>\n<\/div>\n<\/div>\n\n\n\n<div style=\"height:30px\" aria-hidden=\"true\" class=\"wp-block-spacer\"><\/div>\n\n\n\n<p class=\"has-medium-font-size\"><strong>La S\u00e9paq g\u00e8re 23&nbsp;parcs nationaux et 1 parc marin, 13 r\u00e9serves fauniques, 8 \u00e9tablissements touristiques et une pourvoirie. L\u2019ensemble de ces territoires couvrent un total de 51 958&nbsp;kilom\u00e8tres carr\u00e9s.<\/strong><\/p>\n\n\n\n<ul class=\"wp-block-list\">\n<li>Avec le soutien de plus de 3&nbsp;000&nbsp;employ\u00e9s, elle met en valeur et rehausse les territoires et les biens publics qui lui sont confi\u00e9s et assure leur d\u00e9veloppement durable.<\/li>\n\n\n\n<li>Elle rel\u00e8ve de la ministre responsable du Sport, du loisir et du plein air et son si\u00e8ge social est situ\u00e9 \u00e0 Qu\u00e9bec.<\/li>\n\n\n\n<li>Elle est divis\u00e9e en trois&nbsp;r\u00e9seaux&nbsp;: parcs nationaux, r\u00e9serves fauniques et \u00e9tablissements touristiques et offre une gamme d\u2019activit\u00e9s de plein air et de services, dont l\u2019h\u00e9bergement, des restaurants, des&nbsp;boutiques et la location d\u2019\u00e9quipement.<\/li>\n<\/ul>\n\n\n\n<div style=\"height:20px\" aria-hidden=\"true\" class=\"wp-block-spacer\"><\/div>\n\n\n\n<p class=\"has-medium-font-size\"><strong>Comment la S\u00e9paq int\u00e8gre-t-elle le\u00a0<a href=\"https:\/\/www.sepaq.com\/organisation\/developpement-durable.dot?language_id=2\" target=\"_blank\" rel=\"noreferrer noopener\">d\u00e9veloppement durable<\/a>\u00a0\u00e0 sa strat\u00e9gie ?<\/strong><\/p>\n\n\n\n<p>En tant qu\u2019organisme du gouvernement du Qu\u00e9bec, la S\u00e9paq est assujettie \u00e0 la loi provinciale sur le d\u00e9veloppement durable. De ce point de vue, nous sommes au service des citoyens qu\u00e9b\u00e9cois. Toutefois, notre but est de contribuer \u00e0 des objectifs qui vont au-del\u00e0 de nos fronti\u00e8res. Pour y arriver, nous d\u00e9sirons que notre strat\u00e9gie puisse, lorsque possible, contribuer aussi aux 17&nbsp;<a href=\"https:\/\/sdgs.un.org\/fr\/goals\" target=\"_blank\" rel=\"noreferrer noopener\">objectifs de d\u00e9veloppement durable<\/a>&nbsp;des Nations unies. Nous nous inspirons de ces objectifs importants pour d\u00e9finir notre strat\u00e9gie globale et \u00e9laborer notre plan d\u2019action afin que les mesures que nous prenons visent aussi \u00e0 contribuer \u00e0 atteindre ces objectifs.<\/p>\n\n\n\n<p>Pour une organisation comme la S\u00e9paq, valoriser les territoires qui lui sont confi\u00e9s implique une approche holistique qui vise \u00e0 assurer une saine administration et un d\u00e9veloppement au profit de la soci\u00e9t\u00e9 qu\u00e9b\u00e9coise. Cette gestion, qui se veut durable, est balis\u00e9e par la mission de la S\u00e9paq. Dans l\u2019esprit de sa mission, la S\u00e9paq \u00e9tablit un lien important avec les composantes indissociables du d\u00e9veloppement durable et les 17 objectifs de d\u00e9veloppement durable. En somme, le d\u00e9veloppement durable est au c\u0153ur des priorit\u00e9s de la S\u00e9paq et fait partie int\u00e9grante de&nbsp;<a href=\"https:\/\/www.sepaq.com\/organisation\/#:~:text=OUR%20MISSION,people%20to%20nature.\" target=\"_blank\" rel=\"noreferrer noopener\">sa mission<\/a>.<\/p>\n\n\n\n<div style=\"height:20px\" aria-hidden=\"true\" class=\"wp-block-spacer\"><\/div>\n\n\n\n<p class=\"has-medium-font-size\"><strong>L\u2019int\u00e9gration des principes des Nations unies par la S\u00e9paq est-elle une premi\u00e8re au Qu\u00e9bec ou au Canada ?<\/strong><\/p>\n\n\n\n<p>Je ne dirais pas que nous sommes des pr\u00e9curseurs, mais nous faisons certainement partie des chefs de&nbsp;file.<\/p>\n\n\n\n<p>En mati\u00e8re de d\u00e9veloppement durable, le Qu\u00e9bec a toujours \u00e9t\u00e9 \u00e0 l\u2019avant-garde, aussi bien \u00e0 l\u2019\u00e9chelle nationale qu\u2019internationale. La Loi qu\u00e9b\u00e9coise sur le d\u00e9veloppement durable est entr\u00e9e en vigueur avant 2015, l\u2019ann\u00e9e o\u00f9 les Nations unies ont fix\u00e9 leurs objectifs de d\u00e9veloppement durable. Si vous regardez les plans d\u2019action en mati\u00e8re de d\u00e9veloppement durable d\u2019autres soci\u00e9t\u00e9s d\u2019\u00c9tat, vous allez constater qu\u2019elles ont adopt\u00e9 une approche semblable \u00e0 la n\u00f4tre.<\/p>\n\n\n\n<div style=\"height:20px\" aria-hidden=\"true\" class=\"wp-block-spacer\"><\/div>\n\n\n\n<p class=\"has-medium-font-size\"><strong>Comment la S\u00e9paq g\u00e8re-t-elle les ressources naturelles de mani\u00e8re responsable, en respectant la biodiversit\u00e9 ?<\/strong><\/p>\n\n\n\n<p>La S\u00e9paq, en tant que gestionnaire de territoires naturels, est pleinement consciente de l\u2019acc\u00e9l\u00e9ration de la d\u00e9gradation de l\u2019environnement et des pertes de biodiversit\u00e9 engendr\u00e9es par les changements climatiques. Ces d\u00e9fis sont maintenant si envahissants qu\u2019il est impossible de les rejeter comme \u00e9tant les \u00ab probl\u00e8mes des autres \u00bb. \u00c0 l\u2019instar de plusieurs autres grands r\u00e9seaux de parcs nationaux sur la plan\u00e8te, la S\u00e9paq s\u2019est engag\u00e9e en 2002 dans la mise en \u0153uvre d\u2019un programme de surveillance du patrimoine naturel dans les parcs sous sa gestion. Les r\u00e9sultats de ces suivis physiques et biologiques nous permettent de poser un diagnostic g\u00e9n\u00e9ral sur les changements du niveau d\u2019int\u00e9grit\u00e9 \u00e9cologique des parcs nationaux du Qu\u00e9bec. Les \u00e9cosyst\u00e8mes \u00e9tant des structures extr\u00eamement complexes, il serait irr\u00e9aliste de pr\u00e9tendre \u00eatre capables de mesurer l\u2019\u00e9volution de l\u2019ensemble des \u00e9l\u00e9ments qui les composent. N\u00e9anmoins, \u00e0 partir d\u2019un choix judicieux d\u2019indicateurs alliant \u00e0 la fois la pertinence et la faisabilit\u00e9, il est possible de proposer un programme de suivi permettant \u00e0 nos gestionnaires de parcs d\u2019orienter leurs actions et d\u00e9cisions afin d\u2019assurer ad\u00e9quatement la mission de conservation des parcs.<\/p>\n\n\n\n<p>De par sa pr\u00e9sence dans plusieurs r\u00e9gions du Qu\u00e9bec, la S\u00e9paq est \u00e0 l\u2019\u00e9coute des enjeux locaux de d\u00e9veloppement durable et n\u2019h\u00e9site pas \u00e0 contribuer au processus de recherche de solutions au profit de tous.<\/p>\n\n\n\n<div style=\"height:20px\" aria-hidden=\"true\" class=\"wp-block-spacer\"><\/div>\n\n\n\n<p class=\"has-medium-font-size\"><strong>Quelle est l\u2019approche de la S\u00e9paq en mati\u00e8re d\u2019achats \u00e9coresponsables ?<\/strong><\/p>\n\n\n\n<p>C\u2019est une question tr\u00e8s pertinente. \u00c0 la S\u00e9paq, nous sommes \u00e0 int\u00e9grer les indicateurs d\u2019acquisition responsable d\u00e9finis par le gouvernement du Qu\u00e9bec. Nous continuerons d\u2019int\u00e9grer le principe de l\u2019achat local \u2013 qui ne faisait pas partie de notre politique d\u2019achats responsables pr\u00e9c\u00e9dente \u2013 ainsi que le principe de la transition \u00e9nerg\u00e9tique.<\/p>\n\n\n\n<p>Certains de nos \u00e9tablissements ont totalement \u00e9limin\u00e9 la vente de bouteilles de plastique. Au cours des deux derni\u00e8res ann\u00e9es, nos ventes de bouteilles de plastique ont chut\u00e9 de 43&nbsp;pour cent, on peut donc dire que le mouvement est d\u00e9j\u00e0 bien amorc\u00e9.<\/p>\n\n\n\n<p>Pour ce qui est du papier, on avait demand\u00e9 au d\u00e9part du papier 100&nbsp;% recycl\u00e9 certifi\u00e9 FSC. Notre politique a \u00e9volu\u00e9 au fil des ans pour inclure des crit\u00e8res de s\u00e9lection de plus en plus rigoureux. Rolland nous a accompagn\u00e9s \u00e0 toutes les \u00e9tapes de notre parcours et il demeure notre fournisseur de confiance pour respecter nos normes.<\/p>\n\n\n\n<div style=\"height:20px\" aria-hidden=\"true\" class=\"wp-block-spacer\"><\/div>\n\n\n\n<p class=\"has-medium-font-size\"><strong>Quel est le r\u00f4le des communications \u00e9crites dans la strat\u00e9gie en mati\u00e8re de d\u00e9veloppement durable de la S\u00e9paq ?<\/strong><\/p>\n\n\n\n<p>Le premier contact des visiteurs de la S\u00e9paq avec le d\u00e9veloppement durable passe souvent par le papier, par exemple une carte de papier du territoire ou notre mat\u00e9riel \u00e9ducatif. C\u2019est un fil conducteur qui renforce le r\u00f4le du papier comme outil important des pratiques durables. C\u2019est tangible, vous pouvez y&nbsp;toucher et vous pouvez le mettre entre les mains des gens. Ils s\u2019attendent \u00e0 voir des logos d\u2019attributs et des certifications environnementales, ils s\u2019attendent \u00e0 du papier 100&nbsp;% recycl\u00e9. Ainsi, nos visiteurs \u00e9tablissent un lien direct entre la S\u00e9paq et l\u2019approvisionnement responsable. Ils en ont la preuve, de mani\u00e8re concr\u00e8te.<\/p>\n\n\n\n<p>Au Qu\u00e9bec, le papier est un symbole fort qui compte une longue histoire d\u2019intendance environnementale. D\u2019apr\u00e8s moi, le papier aura toujours sa place dans ce contexte. Vous ne pouvez pas dire que vous pr\u00f4nez le d\u00e9veloppement durable sans parler du papier que vous utilisez. C\u2019est essentiel dans l\u2019imaginaire collectif.<\/p>\n\n\n\n<div style=\"height:20px\" aria-hidden=\"true\" class=\"wp-block-spacer\"><\/div>\n\n\n\n<p class=\"has-medium-font-size\"><strong>Pourquoi avez-vous choisi Rolland ?<\/strong><\/p>\n\n\n\n<p>La relation entre la S\u00e9paq et Rolland est une belle histoire, qui n\u2019est pas racont\u00e9e assez souvent, selon moi. L\u2019expression visuelle de nos engagements en mati\u00e8re de d\u00e9veloppement durable s\u2019illustre par notre d\u00e9sir d\u2019utiliser du papier durable, recycl\u00e9 et bien s\u00fbr de grande qualit\u00e9. Ce qui est int\u00e9ressant dans notre partenariat avec Rolland, c\u2019est que nous avons travaill\u00e9 ensemble pour d\u00e9velopper un profil couleurs permettant d\u2019avoir une plus grande qualit\u00e9 d\u2019impression sur ce papier 100% recycl\u00e9. Ensemble, nous avons contribu\u00e9 au d\u00e9veloppement d\u2019un produit qui est encore plus \u00e9cologique et plus efficace et qui est devenu la norme du secteur, \u00e0 tous les niveaux. Notre partenariat est vraiment sp\u00e9cial, c\u2019est une v\u00e9ritable relation gagnant-gagnant, qui dure depuis longtemps.<\/p>\n\n\n\n<div style=\"height:20px\" aria-hidden=\"true\" class=\"wp-block-spacer\"><\/div>\n\n\n\n<p class=\"has-medium-font-size\"><strong>Consid\u00e9rez-vous que la S\u00e9paq est un leader environnemental ?<\/strong><\/p>\n\n\n\n<p>Bien s\u00fbr ! La S\u00e9paq a un devoir d\u2019intendance pour la conservation de la biodiversit\u00e9 au Qu\u00e9bec. Nous g\u00e9rons des parcs nationaux et des r\u00e9serves fauniques, et nous assumons cette responsabilit\u00e9 d\u2019intendance dans un esprit de d\u00e9veloppement durable au b\u00e9n\u00e9fice des g\u00e9n\u00e9rations futures. Depuis notre cr\u00e9ation en 1986, nous avons d\u00e9montr\u00e9 que nous \u00e9tions des champions du d\u00e9veloppement durable. Si on reporte \u00e7a dans le contexte des grands enjeux mondiaux et qu\u2019on examine notre contribution, je peux affirmer que nous sommes des leaders environnementaux et que nous en sommes tr\u00e8s fiers.<\/p>\n","protected":false},"excerpt":{"rendered":"<p>Dans cette \u00e9dition de notre s\u00e9rie \u00ab Conversations avec les leaders environnementaux \u00bb, le pr\u00e9sident de Rolland, Philip Rundle, s\u2019entretient avec la S\u00e9paq, la soci\u00e9t\u00e9 d\u2019\u00c9tat du gouvernement du Qu\u00e9bec qui g\u00e8re les parcs nationaux, des \u00e9tablissements touristiques et la plupart des r\u00e9serves fauniques de la province de Qu\u00e9bec. Rolland est un fournisseur de longue date de la S\u00e9paq, qui utilise son papier pour ses communications depuis 20 ans.<\/p>\n<p>Hugues Sansregret, responsable du d\u00e9veloppement durable \u00e0 la S\u00e9paq, parle de l\u2019harmonisation avec les objectifs de d\u00e9veloppement durable des Nations unies et du pouvoir du papier durable recycl\u00e9 pour sensibiliser les visiteurs.<\/p>\n","protected":false},"author":3,"featured_media":1492,"comment_status":"open","ping_status":"open","sticky":false,"template":"","format":"standard","meta":{"footnotes":""},"categories":[149,151],"tags":[],"class_list":["post-1865","post","type-post","status-publish","format-standard","has-post-thumbnail","hentry","category-papiers","category-leaders-environnementaux"],"_links":{"self":[{"href":"https:\/\/sustanasolutions.com\/fr\/wp-json\/wp\/v2\/posts\/1865","targetHints":{"allow":["GET"]}}],"collection":[{"href":"https:\/\/sustanasolutions.com\/fr\/wp-json\/wp\/v2\/posts"}],"about":[{"href":"https:\/\/sustanasolutions.com\/fr\/wp-json\/wp\/v2\/types\/post"}],"author":[{"embeddable":true,"href":"https:\/\/sustanasolutions.com\/fr\/wp-json\/wp\/v2\/users\/3"}],"replies":[{"embeddable":true,"href":"https:\/\/sustanasolutions.com\/fr\/wp-json\/wp\/v2\/comments?post=1865"}],"version-history":[{"count":1,"href":"https:\/\/sustanasolutions.com\/fr\/wp-json\/wp\/v2\/posts\/1865\/revisions"}],"predecessor-version":[{"id":6956,"href":"https:\/\/sustanasolutions.com\/fr\/wp-json\/wp\/v2\/posts\/1865\/revisions\/6956"}],"wp:featuredmedia":[{"embeddable":true,"href":"https:\/\/sustanasolutions.com\/fr\/wp-json\/wp\/v2\/media\/1492"}],"wp:attachment":[{"href":"https:\/\/sustanasolutions.com\/fr\/wp-json\/wp\/v2\/media?parent=1865"}],"wp:term":[{"taxonomy":"category","embeddable":true,"href":"https:\/\/sustanasolutions.com\/fr\/wp-json\/wp\/v2\/categories?post=1865"},{"taxonomy":"post_tag","embeddable":true,"href":"https:\/\/sustanasolutions.com\/fr\/wp-json\/wp\/v2\/tags?post=1865"}],"curies":[{"name":"wp","href":"https:\/\/api.w.org\/{rel}","templated":true}]}}